{"id":23514,"date":"2025-09-15T20:10:51","date_gmt":"2025-09-15T19:10:51","guid":{"rendered":"https:\/\/www.bione.eus\/?p=23514"},"modified":"2025-09-15T20:34:17","modified_gmt":"2025-09-15T19:34:17","slug":"conflictos-laborales-crecimiento-personal","status":"publish","type":"post","link":"https:\/\/www.bione.eus\/es\/conflictos-laborales-crecimiento-personal\/","title":{"rendered":"Conflictos laborales: c\u00f3mo convertirlos en un espejo para tu crecimiento personal"},"content":{"rendered":"<p><span style=\"font-weight: 400;\">\u00bfQuien no vive situaciones de incomprensi\u00f3n, conflicto o rechazo en la empresa o con personas con las que trabajas?<\/span><\/p>\n<p><span style=\"font-weight: 400;\">La empresa no deja de ser una representaci\u00f3n simb\u00f3lica de la familia nuclear. Y los conflictos que vivimos en ella no son m\u00e1s que una representaci\u00f3n de los que tenemos en casa. La diferencia estriba en que en casa muchas veces no somos conscientes de esos conflictos porque las lealtades que profesamos a nuestros seres queridos nos impiden darnos cuenta de nuestro malestar. Justificamos nuestro malestar por amor a ellos. En cambio con personas no vinculadas emocionalmente, afloran igualmente esos mismos sentimientos, pero somos m\u00e1s conscientes de que la situaci\u00f3n nos incomoda.<\/span><\/p>\n<p><span style=\"font-weight: 400;\">No hay que olvidar que el sentimiento o la herida est\u00e1 en nosotros antes que el conflicto, y la vivencia dolorosa que vivimos en el trabajo o en cualquier parte, s\u00f3lo es la representaci\u00f3n que revivimos una y otra vez, hasta que hacemos consciente el juicio auto-impuesto. Esto nos hace capaces de comprender esa herida y de afrontar nuestros conflictos desde otro prisma, pudiendo actuar de forma diferente sin sentir culpabilidad o sentirse en deuda con nadie. Porque mayoritariamente nuestros comportamientos son lealtades hacia nuestros padres. Adaptaciones de nuestra persona a sus necesidades y la propia necesidad de pertenencia a una familia o un clan. Es un instinto muy primario, relacionado con la supervivencia, que no podemos detectar la mayor\u00eda de las veces.<\/span><\/p>\n<p><span style=\"font-weight: 400;\">El jefe representa al padre o figura de autoridad en casa. Que tambi\u00e9n puede ser la madre, dependiendo de quien posea la energ\u00eda masculina o femenina. Con ella revivimos nuestros sentimientos de dolor ( falta de aceptaci\u00f3n, autoritarismo, imposici\u00f3n, sumisi\u00f3n\u2026). Todo lo que no tengamos equilibrado aflorar\u00e1 de nuevo.<\/span><\/p>\n<p><span style=\"font-weight: 400;\">Veremos el conflicto fuera de nosotros. Culpabilizaremos al otro de nuestro dolor. Que nos traten mal, que no nos vean, etc. Pero es la misma herida de casa. Muchas veces asumiremos nuestra incapacidad y seguiremos aguantando esa misma situaci\u00f3n indefinidamente. Otras veces optaremos por la opci\u00f3n de cambiar de trabajo, para huir de la situaci\u00f3n. Pero nos encontraremos con las mismas situaciones a no ser que comprendamos nuestro juicio o incapacidad y nos permitamos ser de otra forma.<\/span><\/p>\n<p><span style=\"font-weight: 400;\">Y cuando digo que las situaciones de conflicto son debidas a nuestro propio juicio, a muchos de vosotros os chirriar\u00e1n los o\u00eddos y se os cruzar\u00e1n los cables de la cabeza. Pero si. Los juicios hacia nosotros mismos son los que nos imposibilitan que recibamos respeto de parte de los dem\u00e1s. Si yo no me respeto porque no me siento merecedor, porque dudo de mi val\u00eda, reflejar\u00e9 personas que no me respetan, ya que no soy capaz de defender mis l\u00edmites y necesidades.<\/span><\/p>\n<p><span style=\"font-weight: 400;\">Esta situaci\u00f3n tambi\u00e9n puede venir reflejada con los compa\u00f1eros de trabajo, los cuales pueden simbolizar a un hermano\/a o a la pareja.<\/span><\/p>\n<p><span style=\"font-weight: 400;\">El sueldo o dinero que se obtiene del trabajo,\u00a0 tambi\u00e9n est\u00e1 relacionado con el auto-concepto de val\u00eda de cada uno; que simb\u00f3licamente se relaciona con la madre (la nutrici\u00f3n que nos da desde que venimos a este mundo). Si vivimos una relaci\u00f3n de madre-hijo\/a de poca aceptaci\u00f3n o desvalorizaci\u00f3n constante, seremos incapaces de sentirnos personas completas competentes y merecedoras de riquezas. Pasaremos la vida justific\u00e1ndonos ante los dem\u00e1s, porque no tenemos el merecimiento de ser. Nos sentiremos impostores dentro de la empresa, profesionales mediocres o con la sensaci\u00f3n de duda de nosotros mismos.<\/span><\/p>\n<p><span style=\"font-weight: 400;\">En el momento en que superamos estas heridas, nos encontraremos ante relaciones laborales de otro tipo.<\/span><\/p>\n<p><span style=\"font-weight: 400;\">La pregunta es \u00bfC\u00f3mo superar estos sentimientos de dolor?<\/span><\/p>\n<p><span style=\"font-weight: 400;\">Estas heridas surgieron en nuestra infancia. Da igual que los padres hayan intentado ser correctos o perfectos, porque a\u00fan as\u00ed, existir\u00e1n heridas en los hijos. Y de esta constataci\u00f3n nos viene la soluci\u00f3n. De la aceptaci\u00f3n de que nuestros padres se encontraban en nuestra misma situaci\u00f3n con sus propias heridas, y que hicieron lo que pudieron o supieron.<\/span><\/p>\n<p><span style=\"font-weight: 400;\">La soluci\u00f3n siempre se encuentra en uno mismo. Eso nos da la responsabilidad de nuestra situaci\u00f3n pero tambi\u00e9n la capacidad y el poder para revertir nuestra situaci\u00f3n sin depender de nadie. No\u00a0 hay nadie que te solucione los conflictos desde fuera. Tu eres la soluci\u00f3n. Cambiando tu percepci\u00f3n cambiar\u00e1s tu realidad. En cuanto aceptes a las personas que te rodean, y comprendas que s\u00f3lo te hacen de espejo ante tus propios conflictos, empezar\u00e1s a valorarte m\u00e1s, respetarte m\u00e1s y a no tener miedo de exigir a la vida tus necesidades y prioridades. Muchos de los que te rodean lo comprender\u00e1n y aceptar\u00e1n tu nuevo yo, y otros muchos no lo har\u00e1n y desaparecer\u00e1n de tu vida. Pero la vida te acercar\u00e1 a nuevas personas afines a tu nuevo ser. No tengas miedo del cambio. Ah\u00ed es donde aparecen todos nuestros miedos. \u201cEs que me echar\u00e1n de la empresa\u201d, \u201ces que tengo que pagar una hipoteca\u201d, \u201ces que la empresa anda mal econ\u00f3micamente y no me puede ampliar el sueldo\u201d. No escuches tus discursos del miedo. Son los que te han anclado a la situaci\u00f3n actual. Val\u00f3rate, que nadie lo har\u00e1 si t\u00fa no lo haces.<\/span><\/p>\n<p><span style=\"font-weight: 400;\">Para la comprensi\u00f3n de lo expuesto me gusta explicar la alegor\u00eda del espejo.<\/span><\/p>\n<p><span style=\"font-weight: 400;\">Cuando te miras en el espejo (f\u00edsico o de la vida) ves tu imagen reflejada (f\u00edsica o simb\u00f3licamente en las relaciones que tienes con los dem\u00e1s). Cuando esta imagen f\u00edsica no te gusta, intentas cambiarte a ti mismo para que el reflejo sea otro m\u00e1s gustoso. En cambio con los reflejos que nos encontramos en la vida (relaciones, conflictos) intentamos cambiar al otro, y lo vemos culpable de lo que nos est\u00e1 pasando. Esta actitud no va a cambiar la imagen reflejada. La queja solo quiere el cambio de los dem\u00e1s y la inmovilidad de uno mismo. Esto no es m\u00e1s que manipulaci\u00f3n.<\/span><\/p>\n<p><span style=\"font-weight: 400;\">Es muy sutil muchas veces en la relaci\u00f3n de padres a hijos. Muchas veces queriendo o deseando lo mejor para el otro. Cuando seamos capaces de respetar y aceptar al pr\u00f3jimo tal y como es, aunque te duela, seremos capaces de aceptarnos a nosotros mismos. Eso si, esto no quiere decir que por respetarlos y aceptarlos, te tengas que ignorar. Cuando aceptas el camino y necesidades del resto, sabr\u00e1s escoger libremente tu camino y rodearte de las personas que te nutren, y descartar aquellas que no te convienen, aunque sean tus familiares, tus jefes o el esp\u00edritu santo. Sabes lo que necesitas. Solo hay un camino en esta vida. Da igual d\u00f3nde o con qui\u00e9n. Pero lo que no puede fallar nunca es el respeto hacia uno mismo, la auto-valoraci\u00f3n y el auto-cuidado. Expresa lo que necesitas sin complejos. El mundo tiene que saberlo. Las palabras tienen el poder de materializar las ideas en realidades. No basta con sentir el cambio. Cada momento es el oportuno para materializar esa nueva realidad que necesitas.<\/span><\/p>\n","protected":false},"excerpt":{"rendered":"<p>\u00bfQuien no vive situaciones de incomprensi\u00f3n, conflicto o rechazo en la empresa o con personas con las que trabajas? La empresa no deja de ser una representaci\u00f3n simb\u00f3lica de la familia nuclear. Y los conflictos que vivimos en ella no son m\u00e1s que una representaci\u00f3n de los que tenemos en casa. La diferencia estriba en [&hellip;]<\/p>\n","protected":false},"author":601,"featured_media":23508,"comment_status":"closed","ping_status":"open","sticky":false,"template":"","format":"standard","meta":{"footnotes":""},"categories":[121],"tags":[],"class_list":["post-23514","post","type-post","status-publish","format-standard","has-post-thumbnail","hentry","category-bloga-es"],"yoast_head":"<!-- This site is optimized with the Yoast SEO plugin v26.9 - https:\/\/yoast.com\/product\/yoast-seo-wordpress\/ -->\n<title>Conflictos laborales: c\u00f3mo convertirlos en un espejo para tu crecimiento personal - Bione<\/title>\n<meta name=\"description\" content=\"Descubre c\u00f3mo los conflictos laborales reflejan heridas internas y aprende a transformarlos en oportunidades de crecimiento personal y profesional.\" \/>\n<meta name=\"robots\" content=\"index, follow, max-snippet:-1, max-image-preview:large, max-video-preview:-1\" \/>\n<link rel=\"canonical\" href=\"https:\/\/www.bione.eus\/es\/conflictos-laborales-crecimiento-personal\/\" \/>\n<meta property=\"og:locale\" content=\"es_ES\" \/>\n<meta property=\"og:type\" content=\"article\" \/>\n<meta property=\"og:title\" content=\"Conflictos laborales: c\u00f3mo convertirlos en un espejo para tu crecimiento personal - Bione\" \/>\n<meta property=\"og:description\" content=\"Descubre c\u00f3mo los conflictos laborales reflejan heridas internas y aprende a transformarlos en oportunidades de crecimiento personal y profesional.\" \/>\n<meta property=\"og:url\" content=\"https:\/\/www.bione.eus\/es\/conflictos-laborales-crecimiento-personal\/\" \/>\n<meta property=\"og:site_name\" content=\"Bione\" \/>\n<meta property=\"article:published_time\" content=\"2025-09-15T19:10:51+00:00\" \/>\n<meta property=\"article:modified_time\" content=\"2025-09-15T19:34:17+00:00\" \/>\n<meta property=\"og:image\" content=\"https:\/\/www.bione.eus\/wp-content\/uploads\/2025\/09\/IMG-20250915-WA0015.jpg\" \/>\n\t<meta property=\"og:image:width\" content=\"720\" \/>\n\t<meta property=\"og:image:height\" content=\"1600\" \/>\n\t<meta property=\"og:image:type\" content=\"image\/jpeg\" \/>\n<meta name=\"author\" content=\"Azibar Zarate\" \/>\n<meta name=\"twitter:card\" content=\"summary_large_image\" \/>\n<meta name=\"twitter:label1\" content=\"Escrito por\" \/>\n\t<meta name=\"twitter:data1\" content=\"Azibar Zarate\" \/>\n\t<meta name=\"twitter:label2\" content=\"Tiempo de lectura\" \/>\n\t<meta name=\"twitter:data2\" content=\"7 minutos\" \/>\n<script type=\"application\/ld+json\" class=\"yoast-schema-graph\">{\"@context\":\"https:\/\/schema.org\",\"@graph\":[{\"@type\":\"Article\",\"@id\":\"https:\/\/www.bione.eus\/es\/conflictos-laborales-crecimiento-personal\/#article\",\"isPartOf\":{\"@id\":\"https:\/\/www.bione.eus\/es\/conflictos-laborales-crecimiento-personal\/\"},\"author\":{\"name\":\"Azibar Zarate\",\"@id\":\"https:\/\/www.bione.eus\/es\/#\/schema\/person\/58df12fd1f8018a9d75f5cd5581458c4\"},\"headline\":\"Conflictos laborales: c\u00f3mo convertirlos en un espejo para tu crecimiento personal\",\"datePublished\":\"2025-09-15T19:10:51+00:00\",\"dateModified\":\"2025-09-15T19:34:17+00:00\",\"mainEntityOfPage\":{\"@id\":\"https:\/\/www.bione.eus\/es\/conflictos-laborales-crecimiento-personal\/\"},\"wordCount\":1220,\"publisher\":{\"@id\":\"https:\/\/www.bione.eus\/es\/#\/schema\/person\/58df12fd1f8018a9d75f5cd5581458c4\"},\"image\":{\"@id\":\"https:\/\/www.bione.eus\/es\/conflictos-laborales-crecimiento-personal\/#primaryimage\"},\"thumbnailUrl\":\"https:\/\/www.bione.eus\/wp-content\/uploads\/2025\/09\/IMG-20250915-WA0015.jpg\",\"articleSection\":[\"Bloga\"],\"inLanguage\":\"es\"},{\"@type\":\"WebPage\",\"@id\":\"https:\/\/www.bione.eus\/es\/conflictos-laborales-crecimiento-personal\/\",\"url\":\"https:\/\/www.bione.eus\/es\/conflictos-laborales-crecimiento-personal\/\",\"name\":\"Conflictos laborales: c\u00f3mo convertirlos en un espejo para tu crecimiento personal - Bione\",\"isPartOf\":{\"@id\":\"https:\/\/www.bione.eus\/es\/#website\"},\"primaryImageOfPage\":{\"@id\":\"https:\/\/www.bione.eus\/es\/conflictos-laborales-crecimiento-personal\/#primaryimage\"},\"image\":{\"@id\":\"https:\/\/www.bione.eus\/es\/conflictos-laborales-crecimiento-personal\/#primaryimage\"},\"thumbnailUrl\":\"https:\/\/www.bione.eus\/wp-content\/uploads\/2025\/09\/IMG-20250915-WA0015.jpg\",\"datePublished\":\"2025-09-15T19:10:51+00:00\",\"dateModified\":\"2025-09-15T19:34:17+00:00\",\"description\":\"Descubre c\u00f3mo los conflictos laborales reflejan heridas internas y aprende a transformarlos en oportunidades de crecimiento personal y profesional.\",\"breadcrumb\":{\"@id\":\"https:\/\/www.bione.eus\/es\/conflictos-laborales-crecimiento-personal\/#breadcrumb\"},\"inLanguage\":\"es\",\"potentialAction\":[{\"@type\":\"ReadAction\",\"target\":[\"https:\/\/www.bione.eus\/es\/conflictos-laborales-crecimiento-personal\/\"]}]},{\"@type\":\"ImageObject\",\"inLanguage\":\"es\",\"@id\":\"https:\/\/www.bione.eus\/es\/conflictos-laborales-crecimiento-personal\/#primaryimage\",\"url\":\"https:\/\/www.bione.eus\/wp-content\/uploads\/2025\/09\/IMG-20250915-WA0015.jpg\",\"contentUrl\":\"https:\/\/www.bione.eus\/wp-content\/uploads\/2025\/09\/IMG-20250915-WA0015.jpg\",\"width\":720,\"height\":1600},{\"@type\":\"BreadcrumbList\",\"@id\":\"https:\/\/www.bione.eus\/es\/conflictos-laborales-crecimiento-personal\/#breadcrumb\",\"itemListElement\":[{\"@type\":\"ListItem\",\"position\":1,\"name\":\"Home\",\"item\":\"https:\/\/www.bione.eus\/es\/\"},{\"@type\":\"ListItem\",\"position\":2,\"name\":\"Conflictos laborales: c\u00f3mo convertirlos en un espejo para tu crecimiento personal\"}]},{\"@type\":\"WebSite\",\"@id\":\"https:\/\/www.bione.eus\/es\/#website\",\"url\":\"https:\/\/www.bione.eus\/es\/\",\"name\":\"Bione\",\"description\":\"Bione\",\"publisher\":{\"@id\":\"https:\/\/www.bione.eus\/es\/#\/schema\/person\/58df12fd1f8018a9d75f5cd5581458c4\"},\"potentialAction\":[{\"@type\":\"SearchAction\",\"target\":{\"@type\":\"EntryPoint\",\"urlTemplate\":\"https:\/\/www.bione.eus\/es\/?s={search_term_string}\"},\"query-input\":{\"@type\":\"PropertyValueSpecification\",\"valueRequired\":true,\"valueName\":\"search_term_string\"}}],\"inLanguage\":\"es\"},{\"@type\":[\"Person\",\"Organization\"],\"@id\":\"https:\/\/www.bione.eus\/es\/#\/schema\/person\/58df12fd1f8018a9d75f5cd5581458c4\",\"name\":\"Azibar Zarate\",\"image\":{\"@type\":\"ImageObject\",\"inLanguage\":\"es\",\"@id\":\"https:\/\/www.bione.eus\/es\/#\/schema\/person\/image\/\",\"url\":\"https:\/\/www.bione.eus\/wp-content\/uploads\/2023\/11\/logo_bione_transparente-1024x812.png\",\"contentUrl\":\"https:\/\/www.bione.eus\/wp-content\/uploads\/2023\/11\/logo_bione_transparente-1024x812.png\",\"width\":1024,\"height\":812,\"caption\":\"Azibar Zarate\"},\"logo\":{\"@id\":\"https:\/\/www.bione.eus\/es\/#\/schema\/person\/image\/\"},\"sameAs\":[\"http:\/\/www.bione.eus\"],\"url\":\"https:\/\/www.bione.eus\/es\/author\/azibar\/\"}]}<\/script>\n<!-- \/ Yoast SEO plugin. -->","yoast_head_json":{"title":"Conflictos laborales: c\u00f3mo convertirlos en un espejo para tu crecimiento personal - Bione","description":"Descubre c\u00f3mo los conflictos laborales reflejan heridas internas y aprende a transformarlos en oportunidades de crecimiento personal y profesional.","robots":{"index":"index","follow":"follow","max-snippet":"max-snippet:-1","max-image-preview":"max-image-preview:large","max-video-preview":"max-video-preview:-1"},"canonical":"https:\/\/www.bione.eus\/es\/conflictos-laborales-crecimiento-personal\/","og_locale":"es_ES","og_type":"article","og_title":"Conflictos laborales: c\u00f3mo convertirlos en un espejo para tu crecimiento personal - Bione","og_description":"Descubre c\u00f3mo los conflictos laborales reflejan heridas internas y aprende a transformarlos en oportunidades de crecimiento personal y profesional.","og_url":"https:\/\/www.bione.eus\/es\/conflictos-laborales-crecimiento-personal\/","og_site_name":"Bione","article_published_time":"2025-09-15T19:10:51+00:00","article_modified_time":"2025-09-15T19:34:17+00:00","og_image":[{"width":720,"height":1600,"url":"https:\/\/www.bione.eus\/wp-content\/uploads\/2025\/09\/IMG-20250915-WA0015.jpg","type":"image\/jpeg"}],"author":"Azibar Zarate","twitter_card":"summary_large_image","twitter_misc":{"Escrito por":"Azibar Zarate","Tiempo de lectura":"7 minutos"},"schema":{"@context":"https:\/\/schema.org","@graph":[{"@type":"Article","@id":"https:\/\/www.bione.eus\/es\/conflictos-laborales-crecimiento-personal\/#article","isPartOf":{"@id":"https:\/\/www.bione.eus\/es\/conflictos-laborales-crecimiento-personal\/"},"author":{"name":"Azibar Zarate","@id":"https:\/\/www.bione.eus\/es\/#\/schema\/person\/58df12fd1f8018a9d75f5cd5581458c4"},"headline":"Conflictos laborales: c\u00f3mo convertirlos en un espejo para tu crecimiento personal","datePublished":"2025-09-15T19:10:51+00:00","dateModified":"2025-09-15T19:34:17+00:00","mainEntityOfPage":{"@id":"https:\/\/www.bione.eus\/es\/conflictos-laborales-crecimiento-personal\/"},"wordCount":1220,"publisher":{"@id":"https:\/\/www.bione.eus\/es\/#\/schema\/person\/58df12fd1f8018a9d75f5cd5581458c4"},"image":{"@id":"https:\/\/www.bione.eus\/es\/conflictos-laborales-crecimiento-personal\/#primaryimage"},"thumbnailUrl":"https:\/\/www.bione.eus\/wp-content\/uploads\/2025\/09\/IMG-20250915-WA0015.jpg","articleSection":["Bloga"],"inLanguage":"es"},{"@type":"WebPage","@id":"https:\/\/www.bione.eus\/es\/conflictos-laborales-crecimiento-personal\/","url":"https:\/\/www.bione.eus\/es\/conflictos-laborales-crecimiento-personal\/","name":"Conflictos laborales: c\u00f3mo convertirlos en un espejo para tu crecimiento personal - Bione","isPartOf":{"@id":"https:\/\/www.bione.eus\/es\/#website"},"primaryImageOfPage":{"@id":"https:\/\/www.bione.eus\/es\/conflictos-laborales-crecimiento-personal\/#primaryimage"},"image":{"@id":"https:\/\/www.bione.eus\/es\/conflictos-laborales-crecimiento-personal\/#primaryimage"},"thumbnailUrl":"https:\/\/www.bione.eus\/wp-content\/uploads\/2025\/09\/IMG-20250915-WA0015.jpg","datePublished":"2025-09-15T19:10:51+00:00","dateModified":"2025-09-15T19:34:17+00:00","description":"Descubre c\u00f3mo los conflictos laborales reflejan heridas internas y aprende a transformarlos en oportunidades de crecimiento personal y profesional.","breadcrumb":{"@id":"https:\/\/www.bione.eus\/es\/conflictos-laborales-crecimiento-personal\/#breadcrumb"},"inLanguage":"es","potentialAction":[{"@type":"ReadAction","target":["https:\/\/www.bione.eus\/es\/conflictos-laborales-crecimiento-personal\/"]}]},{"@type":"ImageObject","inLanguage":"es","@id":"https:\/\/www.bione.eus\/es\/conflictos-laborales-crecimiento-personal\/#primaryimage","url":"https:\/\/www.bione.eus\/wp-content\/uploads\/2025\/09\/IMG-20250915-WA0015.jpg","contentUrl":"https:\/\/www.bione.eus\/wp-content\/uploads\/2025\/09\/IMG-20250915-WA0015.jpg","width":720,"height":1600},{"@type":"BreadcrumbList","@id":"https:\/\/www.bione.eus\/es\/conflictos-laborales-crecimiento-personal\/#breadcrumb","itemListElement":[{"@type":"ListItem","position":1,"name":"Home","item":"https:\/\/www.bione.eus\/es\/"},{"@type":"ListItem","position":2,"name":"Conflictos laborales: c\u00f3mo convertirlos en un espejo para tu crecimiento personal"}]},{"@type":"WebSite","@id":"https:\/\/www.bione.eus\/es\/#website","url":"https:\/\/www.bione.eus\/es\/","name":"Bione","description":"Bione","publisher":{"@id":"https:\/\/www.bione.eus\/es\/#\/schema\/person\/58df12fd1f8018a9d75f5cd5581458c4"},"potentialAction":[{"@type":"SearchAction","target":{"@type":"EntryPoint","urlTemplate":"https:\/\/www.bione.eus\/es\/?s={search_term_string}"},"query-input":{"@type":"PropertyValueSpecification","valueRequired":true,"valueName":"search_term_string"}}],"inLanguage":"es"},{"@type":["Person","Organization"],"@id":"https:\/\/www.bione.eus\/es\/#\/schema\/person\/58df12fd1f8018a9d75f5cd5581458c4","name":"Azibar Zarate","image":{"@type":"ImageObject","inLanguage":"es","@id":"https:\/\/www.bione.eus\/es\/#\/schema\/person\/image\/","url":"https:\/\/www.bione.eus\/wp-content\/uploads\/2023\/11\/logo_bione_transparente-1024x812.png","contentUrl":"https:\/\/www.bione.eus\/wp-content\/uploads\/2023\/11\/logo_bione_transparente-1024x812.png","width":1024,"height":812,"caption":"Azibar Zarate"},"logo":{"@id":"https:\/\/www.bione.eus\/es\/#\/schema\/person\/image\/"},"sameAs":["http:\/\/www.bione.eus"],"url":"https:\/\/www.bione.eus\/es\/author\/azibar\/"}]}},"_links":{"self":[{"href":"https:\/\/www.bione.eus\/es\/wp-json\/wp\/v2\/posts\/23514","targetHints":{"allow":["GET"]}}],"collection":[{"href":"https:\/\/www.bione.eus\/es\/wp-json\/wp\/v2\/posts"}],"about":[{"href":"https:\/\/www.bione.eus\/es\/wp-json\/wp\/v2\/types\/post"}],"author":[{"embeddable":true,"href":"https:\/\/www.bione.eus\/es\/wp-json\/wp\/v2\/users\/601"}],"replies":[{"embeddable":true,"href":"https:\/\/www.bione.eus\/es\/wp-json\/wp\/v2\/comments?post=23514"}],"version-history":[{"count":5,"href":"https:\/\/www.bione.eus\/es\/wp-json\/wp\/v2\/posts\/23514\/revisions"}],"predecessor-version":[{"id":23528,"href":"https:\/\/www.bione.eus\/es\/wp-json\/wp\/v2\/posts\/23514\/revisions\/23528"}],"wp:featuredmedia":[{"embeddable":true,"href":"https:\/\/www.bione.eus\/es\/wp-json\/wp\/v2\/media\/23508"}],"wp:attachment":[{"href":"https:\/\/www.bione.eus\/es\/wp-json\/wp\/v2\/media?parent=23514"}],"wp:term":[{"taxonomy":"category","embeddable":true,"href":"https:\/\/www.bione.eus\/es\/wp-json\/wp\/v2\/categories?post=23514"},{"taxonomy":"post_tag","embeddable":true,"href":"https:\/\/www.bione.eus\/es\/wp-json\/wp\/v2\/tags?post=23514"}],"curies":[{"name":"wp","href":"https:\/\/api.w.org\/{rel}","templated":true}]}}