{"id":23488,"date":"2025-08-11T10:31:45","date_gmt":"2025-08-11T09:31:45","guid":{"rendered":"https:\/\/www.bione.eus\/?p=23488"},"modified":"2025-09-15T20:33:39","modified_gmt":"2025-09-15T19:33:39","slug":"como-sanar-el-cuerpo-a-traves-de-la-mente","status":"publish","type":"post","link":"https:\/\/www.bione.eus\/es\/como-sanar-el-cuerpo-a-traves-de-la-mente\/","title":{"rendered":"C\u00f3mo sanar el cuerpo a trav\u00e9s de la mente"},"content":{"rendered":"<p><span style=\"font-weight: 400;\">Est\u00e1s en un momento en el que quien has sido hasta este momento no funciona del todo bien. En ti se aviva la sensaci\u00f3n de insatisfacci\u00f3n o de que algo no va del todo bien. Tu cuerpo empieza a manifestar disfunciones y no sabes el porqu\u00e9. Has probado diferentes soluciones pero ves que no son eficientes. Algo te est\u00e1 diciendo que hay algo m\u00e1s que no est\u00e1s comprendiendo.\u00a0<\/span><\/p>\n<p><span style=\"font-weight: 400;\">\u201cMens sana in corpore sano\u201d. Expresi\u00f3n que todo el mundo conoce pero que pocos se atreven a descubrir hasta que punto esta afirmaci\u00f3n es verdad.\u00a0<\/span><\/p>\n<p><span style=\"font-weight: 400;\">Todas las personas tenemos una m\u00e1scara social que no corresponde del todo con nuestro yo interior. Reprimimos aspectos de nosotros mismos, por miedo al rechazo o la no pertenencia social. Pero esta m\u00e1scara con el tiempo termina convirti\u00e9ndose en nuestra persona de cara al mundo externo. Por eso el psiquiatra suizo C.G.Jung lo denominaba <\/span><b>persona<\/b><span style=\"font-weight: 400;\">. Y los aspectos que originariamente forman parte de nosotros pero que son reprimidos, no aceptables o que generan conflictos en el mundo externo, pasan a estar escondidos, por lo tanto en la <\/span><b>sombra<\/b><span style=\"font-weight: 400;\">.\u00a0<\/span><\/p>\n<p><span style=\"font-weight: 400;\">Nuestra incongruencia de ignorar y esconder partes de nosotros, genera tal estr\u00e9s emocional, que nuestro cuerpo empieza a somatizar lo no expresado verbalmente en forma de s\u00edntoma f\u00edsico. Sentimos algo que es modelado por nuestro pensamiento y adecuado a las normas sociales o familiares, todo ello para sentirnos aceptados o por no molestar a los dem\u00e1s. Acabamos haciendo aquello que est\u00e1 en contraposici\u00f3n a lo que sentimos. Esta represi\u00f3n es un choque emocional, que nos genera estr\u00e9s y acaba en enfermedad. Cuanto m\u00e1s reprimimos la sombra, los efectos se convierten m\u00e1s intensos (m\u00e1s conflictos y enfermedades, o de m\u00e1s gravedad).\u00a0<\/span><\/p>\n<p><span style=\"font-weight: 400;\">La mayor\u00eda de las veces no queremos renunciar a esa sensaci\u00f3n de pertenencia social y tampoco queremos cambiar un apice de nuestra forma de ser, porque precisamente es lo que hemos aprendido desde peque\u00f1os y alimenta a nuestro ego.\u00a0<\/span><\/p>\n<p><span style=\"font-weight: 400;\">Otras veces, no somos conscientes de nuestra incongruencia emocional, ya que llevamos ignor\u00e1ndolo durante much\u00edsimos a\u00f1os.\u00a0<\/span><\/p>\n<p><span style=\"font-weight: 400;\">Por tanto para llegar a la sanaci\u00f3n del cuerpo a trav\u00e9s de la mente, tendremos que aprender a observar nuestra conducta y nuestros discursos justificativos, en los momentos que afloran las emociones y terminan por apoderarse de nuestra persona. Porque las emociones est\u00e1n ligadas a nuestra sombra y afloran al exterior de forma inconsciente.\u00a0<\/span><\/p>\n<p><span style=\"font-weight: 400;\">\u00bfQu\u00e9 situaciones defiendes?\u00bfQu\u00e9 es lo que no quieres cambiar bajo ninguna circunstancia? \u00bfQu\u00e9 sentimientos afloran en los conflictos con las personas queridas?\u00a0<\/span><\/p>\n<p><span style=\"font-weight: 400;\">Es un trabajo que requiere un entrenamiento mental, en el cual nos tenemos que posicionar como observadores de nuestras conductas, sentimientos, pensamientos y emociones.\u00a0<\/span><\/p>\n<p><span style=\"font-weight: 400;\">Hacer conscientes nuestras incongruencias, excesos y creencias, nos permite liberarnos de ellas y de todo el estr\u00e9s emocional que \u00e9stas suponen. Nos da la capacidad de reaccionar de formas m\u00e1s aut\u00e9nticas con nuestro yo m\u00e1s profundo.\u00a0<\/span><\/p>\n<p><span style=\"font-weight: 400;\">Esto supone un conocimiento m\u00e1s af\u00edn a nuestra sombra, lo que nos genera tener que tomar una decisi\u00f3n que muchas veces se nos hace inc\u00f3moda o que directamente no queremos atender. La gran mayor\u00eda de las veces queremos seguir actuando igual y solucionar el s\u00edntoma f\u00edsico mediante medicamentos u operaciones. Con esto no quiero decir que esta soluci\u00f3n est\u00e9 mal. Muchas veces no somos capaces de poner soluci\u00f3n a nuestras incongruencias y por lo tanto, la medicina convencional supone una soluci\u00f3n efectiva a nivel corporal. Pero no nos enga\u00f1emos. El conflicto de fondo sigue estando ah\u00ed, y seguir\u00e1 reclamando a trav\u00e9s de otros s\u00edntomas f\u00edsicos su existencia. De hecho esos s\u00edntomas f\u00edsicos dar\u00e1n soluci\u00f3n a tu incongruencia emocional, no permiti\u00e9ndote mover, ver, escuchar, digerir o aquello que t\u00fa no te permitas expresar de forma natural.\u00a0<\/span><\/p>\n<p><span style=\"font-weight: 400;\">Hay una forma m\u00e1s hol\u00edstica de entender la salud. No solo como un cuerpo f\u00edsico, sino como un conjunto de sistemas como son el f\u00edsico, el energ\u00e9tico, el emocional y el mental. Si todos ellos no se encuentran alineados, no podemos hablar de salud. Esta se puede mejorar, trabajando nuestro ser desde cualquiera de los sistemas mencionados, pero no hay que olvidar que cuanto m\u00e1s amplias sean nuestras b\u00fasquedas del equilibrio, m\u00e1s efectivo ser\u00e1 reencontrar la homeostasis o dicho de forma m\u00e1s sencilla, el equilibrio natural de nuestro ser.\u00a0<\/span><\/p>\n<p><span style=\"font-weight: 400;\">Si has llegado hasta aqu\u00ed, es se\u00f1al de que algo en ti resuena con lo que te estoy contando y que sientes la necesidad de encontrar soluci\u00f3n ps\u00edquica y emocional a esa enfermedad que te est\u00e1 resultando una molestia y un problema.\u00a0\u00a0<\/span><\/p>\n<p><span style=\"font-weight: 400;\">Y si todo este camino es desconocido para ti, no te preocupes. Est\u00e1s en el momento del despertar espiritual. El momento de encontrar respuestas y dar comprensi\u00f3n a lo que de verdad necesitas incorporar o recuperar en ti. Es un trabajo intenso pero gratificante.\u00a0<\/span><\/p>\n<p><span style=\"font-weight: 400;\">Aprovecho para comunicarte que no est\u00e1s solo. Es un camino que puedes transitar en solitario o acompa\u00f1ado. Y para eso existimos los acompa\u00f1antes emocionales, espirituales o ps\u00edquicos.\u00a0<\/span><\/p>\n<p><span style=\"font-weight: 400;\">Que tengas un buen camino y que encuentres la luz.\u00a0<\/span><\/p>\n","protected":false},"excerpt":{"rendered":"<p>Est\u00e1s en un momento en el que quien has sido hasta este momento no funciona del todo bien. En ti se aviva la sensaci\u00f3n de insatisfacci\u00f3n o de que algo no va del todo bien. Tu cuerpo empieza a manifestar disfunciones y no sabes el porqu\u00e9. Has probado diferentes soluciones pero ves que no son [&hellip;]<\/p>\n","protected":false},"author":601,"featured_media":23036,"comment_status":"closed","ping_status":"open","sticky":false,"template":"","format":"standard","meta":{"footnotes":""},"categories":[121],"tags":[],"class_list":["post-23488","post","type-post","status-publish","format-standard","has-post-thumbnail","hentry","category-bloga-es"],"yoast_head":"<!-- This site is optimized with the Yoast SEO plugin v26.9 - https:\/\/yoast.com\/product\/yoast-seo-wordpress\/ -->\n<title>C\u00f3mo sanar el cuerpo a trav\u00e9s de la mente - Bione<\/title>\n<meta name=\"description\" content=\"Por tanto para llegar a la sanaci\u00f3n del cuerpo a trav\u00e9s de la mente, tendremos que aprender a observar nuestra conducta y nuestros discursos justificativos.\" \/>\n<meta name=\"robots\" content=\"index, follow, max-snippet:-1, max-image-preview:large, max-video-preview:-1\" \/>\n<link rel=\"canonical\" href=\"https:\/\/www.bione.eus\/es\/como-sanar-el-cuerpo-a-traves-de-la-mente\/\" \/>\n<meta property=\"og:locale\" content=\"es_ES\" \/>\n<meta property=\"og:type\" content=\"article\" \/>\n<meta property=\"og:title\" content=\"C\u00f3mo sanar el cuerpo a trav\u00e9s de la mente - Bione\" \/>\n<meta property=\"og:description\" content=\"Por tanto para llegar a la sanaci\u00f3n del cuerpo a trav\u00e9s de la mente, tendremos que aprender a observar nuestra conducta y nuestros discursos justificativos.\" \/>\n<meta property=\"og:url\" content=\"https:\/\/www.bione.eus\/es\/como-sanar-el-cuerpo-a-traves-de-la-mente\/\" \/>\n<meta property=\"og:site_name\" content=\"Bione\" \/>\n<meta property=\"article:published_time\" content=\"2025-08-11T09:31:45+00:00\" \/>\n<meta property=\"article:modified_time\" content=\"2025-09-15T19:33:39+00:00\" \/>\n<meta property=\"og:image\" content=\"https:\/\/www.bione.eus\/wp-content\/uploads\/2023\/11\/foto_slider.jpg\" \/>\n\t<meta property=\"og:image:width\" content=\"2000\" \/>\n\t<meta property=\"og:image:height\" content=\"1500\" \/>\n\t<meta property=\"og:image:type\" content=\"image\/jpeg\" \/>\n<meta name=\"author\" content=\"Azibar Zarate\" \/>\n<meta name=\"twitter:card\" content=\"summary_large_image\" \/>\n<meta name=\"twitter:label1\" content=\"Escrito por\" \/>\n\t<meta name=\"twitter:data1\" content=\"Azibar Zarate\" \/>\n\t<meta name=\"twitter:label2\" content=\"Tiempo de lectura\" \/>\n\t<meta name=\"twitter:data2\" content=\"5 minutos\" \/>\n<script type=\"application\/ld+json\" class=\"yoast-schema-graph\">{\"@context\":\"https:\/\/schema.org\",\"@graph\":[{\"@type\":\"Article\",\"@id\":\"https:\/\/www.bione.eus\/es\/como-sanar-el-cuerpo-a-traves-de-la-mente\/#article\",\"isPartOf\":{\"@id\":\"https:\/\/www.bione.eus\/es\/como-sanar-el-cuerpo-a-traves-de-la-mente\/\"},\"author\":{\"name\":\"Azibar Zarate\",\"@id\":\"https:\/\/www.bione.eus\/es\/#\/schema\/person\/58df12fd1f8018a9d75f5cd5581458c4\"},\"headline\":\"C\u00f3mo sanar el cuerpo a trav\u00e9s de la mente\",\"datePublished\":\"2025-08-11T09:31:45+00:00\",\"dateModified\":\"2025-09-15T19:33:39+00:00\",\"mainEntityOfPage\":{\"@id\":\"https:\/\/www.bione.eus\/es\/como-sanar-el-cuerpo-a-traves-de-la-mente\/\"},\"wordCount\":904,\"publisher\":{\"@id\":\"https:\/\/www.bione.eus\/es\/#\/schema\/person\/58df12fd1f8018a9d75f5cd5581458c4\"},\"image\":{\"@id\":\"https:\/\/www.bione.eus\/es\/como-sanar-el-cuerpo-a-traves-de-la-mente\/#primaryimage\"},\"thumbnailUrl\":\"https:\/\/www.bione.eus\/wp-content\/uploads\/2023\/11\/foto_slider.jpg\",\"articleSection\":[\"Bloga\"],\"inLanguage\":\"es\"},{\"@type\":\"WebPage\",\"@id\":\"https:\/\/www.bione.eus\/es\/como-sanar-el-cuerpo-a-traves-de-la-mente\/\",\"url\":\"https:\/\/www.bione.eus\/es\/como-sanar-el-cuerpo-a-traves-de-la-mente\/\",\"name\":\"C\u00f3mo sanar el cuerpo a trav\u00e9s de la mente - Bione\",\"isPartOf\":{\"@id\":\"https:\/\/www.bione.eus\/es\/#website\"},\"primaryImageOfPage\":{\"@id\":\"https:\/\/www.bione.eus\/es\/como-sanar-el-cuerpo-a-traves-de-la-mente\/#primaryimage\"},\"image\":{\"@id\":\"https:\/\/www.bione.eus\/es\/como-sanar-el-cuerpo-a-traves-de-la-mente\/#primaryimage\"},\"thumbnailUrl\":\"https:\/\/www.bione.eus\/wp-content\/uploads\/2023\/11\/foto_slider.jpg\",\"datePublished\":\"2025-08-11T09:31:45+00:00\",\"dateModified\":\"2025-09-15T19:33:39+00:00\",\"description\":\"Por tanto para llegar a la sanaci\u00f3n del cuerpo a trav\u00e9s de la mente, tendremos que aprender a observar nuestra conducta y nuestros discursos justificativos.\",\"breadcrumb\":{\"@id\":\"https:\/\/www.bione.eus\/es\/como-sanar-el-cuerpo-a-traves-de-la-mente\/#breadcrumb\"},\"inLanguage\":\"es\",\"potentialAction\":[{\"@type\":\"ReadAction\",\"target\":[\"https:\/\/www.bione.eus\/es\/como-sanar-el-cuerpo-a-traves-de-la-mente\/\"]}]},{\"@type\":\"ImageObject\",\"inLanguage\":\"es\",\"@id\":\"https:\/\/www.bione.eus\/es\/como-sanar-el-cuerpo-a-traves-de-la-mente\/#primaryimage\",\"url\":\"https:\/\/www.bione.eus\/wp-content\/uploads\/2023\/11\/foto_slider.jpg\",\"contentUrl\":\"https:\/\/www.bione.eus\/wp-content\/uploads\/2023\/11\/foto_slider.jpg\",\"width\":2000,\"height\":1500},{\"@type\":\"BreadcrumbList\",\"@id\":\"https:\/\/www.bione.eus\/es\/como-sanar-el-cuerpo-a-traves-de-la-mente\/#breadcrumb\",\"itemListElement\":[{\"@type\":\"ListItem\",\"position\":1,\"name\":\"Home\",\"item\":\"https:\/\/www.bione.eus\/es\/\"},{\"@type\":\"ListItem\",\"position\":2,\"name\":\"C\u00f3mo sanar el cuerpo a trav\u00e9s de la mente\"}]},{\"@type\":\"WebSite\",\"@id\":\"https:\/\/www.bione.eus\/es\/#website\",\"url\":\"https:\/\/www.bione.eus\/es\/\",\"name\":\"Bione\",\"description\":\"Bione\",\"publisher\":{\"@id\":\"https:\/\/www.bione.eus\/es\/#\/schema\/person\/58df12fd1f8018a9d75f5cd5581458c4\"},\"potentialAction\":[{\"@type\":\"SearchAction\",\"target\":{\"@type\":\"EntryPoint\",\"urlTemplate\":\"https:\/\/www.bione.eus\/es\/?s={search_term_string}\"},\"query-input\":{\"@type\":\"PropertyValueSpecification\",\"valueRequired\":true,\"valueName\":\"search_term_string\"}}],\"inLanguage\":\"es\"},{\"@type\":[\"Person\",\"Organization\"],\"@id\":\"https:\/\/www.bione.eus\/es\/#\/schema\/person\/58df12fd1f8018a9d75f5cd5581458c4\",\"name\":\"Azibar Zarate\",\"image\":{\"@type\":\"ImageObject\",\"inLanguage\":\"es\",\"@id\":\"https:\/\/www.bione.eus\/es\/#\/schema\/person\/image\/\",\"url\":\"https:\/\/www.bione.eus\/wp-content\/uploads\/2023\/11\/logo_bione_transparente-1024x812.png\",\"contentUrl\":\"https:\/\/www.bione.eus\/wp-content\/uploads\/2023\/11\/logo_bione_transparente-1024x812.png\",\"width\":1024,\"height\":812,\"caption\":\"Azibar Zarate\"},\"logo\":{\"@id\":\"https:\/\/www.bione.eus\/es\/#\/schema\/person\/image\/\"},\"sameAs\":[\"http:\/\/www.bione.eus\"],\"url\":\"https:\/\/www.bione.eus\/es\/author\/azibar\/\"}]}<\/script>\n<!-- \/ Yoast SEO plugin. -->","yoast_head_json":{"title":"C\u00f3mo sanar el cuerpo a trav\u00e9s de la mente - Bione","description":"Por tanto para llegar a la sanaci\u00f3n del cuerpo a trav\u00e9s de la mente, tendremos que aprender a observar nuestra conducta y nuestros discursos justificativos.","robots":{"index":"index","follow":"follow","max-snippet":"max-snippet:-1","max-image-preview":"max-image-preview:large","max-video-preview":"max-video-preview:-1"},"canonical":"https:\/\/www.bione.eus\/es\/como-sanar-el-cuerpo-a-traves-de-la-mente\/","og_locale":"es_ES","og_type":"article","og_title":"C\u00f3mo sanar el cuerpo a trav\u00e9s de la mente - Bione","og_description":"Por tanto para llegar a la sanaci\u00f3n del cuerpo a trav\u00e9s de la mente, tendremos que aprender a observar nuestra conducta y nuestros discursos justificativos.","og_url":"https:\/\/www.bione.eus\/es\/como-sanar-el-cuerpo-a-traves-de-la-mente\/","og_site_name":"Bione","article_published_time":"2025-08-11T09:31:45+00:00","article_modified_time":"2025-09-15T19:33:39+00:00","og_image":[{"width":2000,"height":1500,"url":"https:\/\/www.bione.eus\/wp-content\/uploads\/2023\/11\/foto_slider.jpg","type":"image\/jpeg"}],"author":"Azibar Zarate","twitter_card":"summary_large_image","twitter_misc":{"Escrito por":"Azibar Zarate","Tiempo de lectura":"5 minutos"},"schema":{"@context":"https:\/\/schema.org","@graph":[{"@type":"Article","@id":"https:\/\/www.bione.eus\/es\/como-sanar-el-cuerpo-a-traves-de-la-mente\/#article","isPartOf":{"@id":"https:\/\/www.bione.eus\/es\/como-sanar-el-cuerpo-a-traves-de-la-mente\/"},"author":{"name":"Azibar Zarate","@id":"https:\/\/www.bione.eus\/es\/#\/schema\/person\/58df12fd1f8018a9d75f5cd5581458c4"},"headline":"C\u00f3mo sanar el cuerpo a trav\u00e9s de la mente","datePublished":"2025-08-11T09:31:45+00:00","dateModified":"2025-09-15T19:33:39+00:00","mainEntityOfPage":{"@id":"https:\/\/www.bione.eus\/es\/como-sanar-el-cuerpo-a-traves-de-la-mente\/"},"wordCount":904,"publisher":{"@id":"https:\/\/www.bione.eus\/es\/#\/schema\/person\/58df12fd1f8018a9d75f5cd5581458c4"},"image":{"@id":"https:\/\/www.bione.eus\/es\/como-sanar-el-cuerpo-a-traves-de-la-mente\/#primaryimage"},"thumbnailUrl":"https:\/\/www.bione.eus\/wp-content\/uploads\/2023\/11\/foto_slider.jpg","articleSection":["Bloga"],"inLanguage":"es"},{"@type":"WebPage","@id":"https:\/\/www.bione.eus\/es\/como-sanar-el-cuerpo-a-traves-de-la-mente\/","url":"https:\/\/www.bione.eus\/es\/como-sanar-el-cuerpo-a-traves-de-la-mente\/","name":"C\u00f3mo sanar el cuerpo a trav\u00e9s de la mente - Bione","isPartOf":{"@id":"https:\/\/www.bione.eus\/es\/#website"},"primaryImageOfPage":{"@id":"https:\/\/www.bione.eus\/es\/como-sanar-el-cuerpo-a-traves-de-la-mente\/#primaryimage"},"image":{"@id":"https:\/\/www.bione.eus\/es\/como-sanar-el-cuerpo-a-traves-de-la-mente\/#primaryimage"},"thumbnailUrl":"https:\/\/www.bione.eus\/wp-content\/uploads\/2023\/11\/foto_slider.jpg","datePublished":"2025-08-11T09:31:45+00:00","dateModified":"2025-09-15T19:33:39+00:00","description":"Por tanto para llegar a la sanaci\u00f3n del cuerpo a trav\u00e9s de la mente, tendremos que aprender a observar nuestra conducta y nuestros discursos justificativos.","breadcrumb":{"@id":"https:\/\/www.bione.eus\/es\/como-sanar-el-cuerpo-a-traves-de-la-mente\/#breadcrumb"},"inLanguage":"es","potentialAction":[{"@type":"ReadAction","target":["https:\/\/www.bione.eus\/es\/como-sanar-el-cuerpo-a-traves-de-la-mente\/"]}]},{"@type":"ImageObject","inLanguage":"es","@id":"https:\/\/www.bione.eus\/es\/como-sanar-el-cuerpo-a-traves-de-la-mente\/#primaryimage","url":"https:\/\/www.bione.eus\/wp-content\/uploads\/2023\/11\/foto_slider.jpg","contentUrl":"https:\/\/www.bione.eus\/wp-content\/uploads\/2023\/11\/foto_slider.jpg","width":2000,"height":1500},{"@type":"BreadcrumbList","@id":"https:\/\/www.bione.eus\/es\/como-sanar-el-cuerpo-a-traves-de-la-mente\/#breadcrumb","itemListElement":[{"@type":"ListItem","position":1,"name":"Home","item":"https:\/\/www.bione.eus\/es\/"},{"@type":"ListItem","position":2,"name":"C\u00f3mo sanar el cuerpo a trav\u00e9s de la mente"}]},{"@type":"WebSite","@id":"https:\/\/www.bione.eus\/es\/#website","url":"https:\/\/www.bione.eus\/es\/","name":"Bione","description":"Bione","publisher":{"@id":"https:\/\/www.bione.eus\/es\/#\/schema\/person\/58df12fd1f8018a9d75f5cd5581458c4"},"potentialAction":[{"@type":"SearchAction","target":{"@type":"EntryPoint","urlTemplate":"https:\/\/www.bione.eus\/es\/?s={search_term_string}"},"query-input":{"@type":"PropertyValueSpecification","valueRequired":true,"valueName":"search_term_string"}}],"inLanguage":"es"},{"@type":["Person","Organization"],"@id":"https:\/\/www.bione.eus\/es\/#\/schema\/person\/58df12fd1f8018a9d75f5cd5581458c4","name":"Azibar Zarate","image":{"@type":"ImageObject","inLanguage":"es","@id":"https:\/\/www.bione.eus\/es\/#\/schema\/person\/image\/","url":"https:\/\/www.bione.eus\/wp-content\/uploads\/2023\/11\/logo_bione_transparente-1024x812.png","contentUrl":"https:\/\/www.bione.eus\/wp-content\/uploads\/2023\/11\/logo_bione_transparente-1024x812.png","width":1024,"height":812,"caption":"Azibar Zarate"},"logo":{"@id":"https:\/\/www.bione.eus\/es\/#\/schema\/person\/image\/"},"sameAs":["http:\/\/www.bione.eus"],"url":"https:\/\/www.bione.eus\/es\/author\/azibar\/"}]}},"_links":{"self":[{"href":"https:\/\/www.bione.eus\/es\/wp-json\/wp\/v2\/posts\/23488","targetHints":{"allow":["GET"]}}],"collection":[{"href":"https:\/\/www.bione.eus\/es\/wp-json\/wp\/v2\/posts"}],"about":[{"href":"https:\/\/www.bione.eus\/es\/wp-json\/wp\/v2\/types\/post"}],"author":[{"embeddable":true,"href":"https:\/\/www.bione.eus\/es\/wp-json\/wp\/v2\/users\/601"}],"replies":[{"embeddable":true,"href":"https:\/\/www.bione.eus\/es\/wp-json\/wp\/v2\/comments?post=23488"}],"version-history":[{"count":5,"href":"https:\/\/www.bione.eus\/es\/wp-json\/wp\/v2\/posts\/23488\/revisions"}],"predecessor-version":[{"id":23527,"href":"https:\/\/www.bione.eus\/es\/wp-json\/wp\/v2\/posts\/23488\/revisions\/23527"}],"wp:featuredmedia":[{"embeddable":true,"href":"https:\/\/www.bione.eus\/es\/wp-json\/wp\/v2\/media\/23036"}],"wp:attachment":[{"href":"https:\/\/www.bione.eus\/es\/wp-json\/wp\/v2\/media?parent=23488"}],"wp:term":[{"taxonomy":"category","embeddable":true,"href":"https:\/\/www.bione.eus\/es\/wp-json\/wp\/v2\/categories?post=23488"},{"taxonomy":"post_tag","embeddable":true,"href":"https:\/\/www.bione.eus\/es\/wp-json\/wp\/v2\/tags?post=23488"}],"curies":[{"name":"wp","href":"https:\/\/api.w.org\/{rel}","templated":true}]}}