{"id":23072,"date":"2023-11-24T12:30:32","date_gmt":"2023-11-24T11:30:32","guid":{"rendered":"https:\/\/laku.doble-clic.com\/conciencia-unidad\/"},"modified":"2024-01-26T20:39:41","modified_gmt":"2024-01-26T19:39:41","slug":"conciencia-unidad","status":"publish","type":"post","link":"https:\/\/www.bione.eus\/es\/conciencia-unidad\/","title":{"rendered":"Conciencia Unidad"},"content":{"rendered":"<h2><em><strong>Concepto<\/strong><\/em><\/h2>\n<p style=\"text-align: justify;\">La conciencia unidad es un concepto que lo hemos escuchado muchas veces, pero que, aunque sepamos lo que es, no llegamos a integrarlo del todo.<\/p>\n<p style=\"text-align: justify;\">Nos identificamos mucho con nuestro ego, como si fu\u00e9semos \u00fanicamente ese ego. Generalmente lo delimitamos a lo que nosotros percibimos que es nuestro cuerpo f\u00edsico. Tambi\u00e9n podemos pensar que somos un cuerpo energ\u00e9tico y por tanto nuestra persona la podemos identificar mas all\u00e1 del cuerpo f\u00edsico. Podr\u00edamos pensar que solo somos un alma que vivimos dentro de un cuerpo pero que no tiene nada que ver con \u00e9l. Y si vamos m\u00e1s all\u00e1 podemos pensar que somos una conciencia inteligente que vive interconectada en varios cuerpos individuales, y que nos necesitamos porque somos la misma cosa. Esto es la conciencia unidad y os voy a dar un ejemplo para que lo entend\u00e1is mejor.<\/p>\n<p style=\"text-align: justify;\">Os voy a hablar de los ecosistemas naturales, para que entend\u00e1is que en un ecosistema cada ser viviente es parte de un todo y que cada parte es imprescindible para que el sistema est\u00e9 en equilibrio. Cuando un eslab\u00f3n sufre cambios, se altera todo el equilibrio y afecta a todas las partes del ecosistema.<\/p>\n<p style=\"text-align: justify;\">La conciencia unidad es lo mismo. Todos estamos conectados, y todo lo que percibimos que le pasa al que se encuentra a nuestro lado tiene que ver con nuestra informaci\u00f3n. Si nosotros cambiamos en algo, ese cambio afecta al vecino y genera cambios en \u00e9l.<\/p>\n<h2><em><strong>Uso<\/strong><\/em><\/h2>\n<p style=\"text-align: justify;\">Si lo analizamos desde el punto de vista qu\u00edmico, nos damos cuenta de que ciertos elementos atraen a otros. Unos tienen una carga positiva y otros negativa. Buscando el equilibrio esos elementos qu\u00edmicos se unen y forman productos estables. Pues en las relaciones interpersonales pasa exactamente lo mismo. Sentimos una atracci\u00f3n o rechazo por la gente, sin darnos cuenta de que se trata de pura qu\u00edmica. Y esa uni\u00f3n con energ\u00edas complementarias se da para estabilizar o equilibrar polos o energ\u00edas opuestas. Por tanto, todo lo que atraemos en nuestra vida tiene que ver con nosotros y nuestra informaci\u00f3n.<\/p>\n<p style=\"text-align: justify;\">Cuando atraemos a nuestras vidas algo que nos disgusta (alguna persona o alg\u00fan hecho), generalmente lo miramos con recelo, como si no tuviera nada que ver con nosotros. Lo rechazamos, lo criticamos, lo intentamos cambiar para que se adapte a nuestras necesidades. Cuando atraemos algo que si nos gusta nos es m\u00e1s f\u00e1cil sentir que aquello tiene que ver con nosotros. Pues, aunque nos cueste aceptarlo, ambas tienen que ver con nuestra informaci\u00f3n. A esto se le llama la conciencia unidad.<\/p>\n<p style=\"text-align: justify;\">Tiene un recurso muy importante que es la proyecci\u00f3n. Aquellas cualidades y aspectos que est\u00e1n en nosotros y desconocemos, los vemos reflejados en las personas que se cruzan en nuestro camino. Tambi\u00e9n proyectamos aquellas cualidades que rechazamos adoptar y criticamos. Y hago hincapi\u00e9 en \u201cdesconocemos\u201d, porque a menudo es nuestro inconsciente el que nos impulsa en tomar decisiones y ejercer conductas, que el intelecto o ego desconoce.<\/p>\n<p style=\"text-align: justify;\">Gracias a esta conciencia unidad, tenemos la oportunidad de conocernos mejor y trascender esa informaci\u00f3n que nos limita. Esto puede resultar en primera instancia abrumador. Estamos acostumbrados a vivir acontecimientos, como si no tuvieran que ver con nosotros, y criticarlos o dejarlos pasar e intentar olvidarlos. Pero si no aprendemos algo de las experiencias y cambiamos aspectos de nuestro ser, el universo nos volver\u00e1 a presentar ante nosotros, las mismas situaciones (con otros actores y lugares si acaso).<\/p>\n<p style=\"text-align: justify;\">Esta forma de ver el mundo es un regalo. Nos da una responsabilidad, pero a su vez nos brinda la oportunidad de conocernos e ir encontrando formas de vivir mucho m\u00e1s amables con nuestra persona. Nos da la oportunidad de ser los due\u00f1os de nuestras vidas y tomar el rumbo que decidamos. Los agentes externos que afectan a tu vida van perdiendo poder.<\/p>\n<p style=\"text-align: justify;\">La critica es una acci\u00f3n que nos nuestra si sentimos ese poder de decisi\u00f3n en nosotros o si por el contrario nos vemos atacados por agentes externos. La critica sin su posterior an\u00e1lisis nos paraliza. El problema lo vemos fuera. No hacemos ning\u00fan cambio en nosotros, y todo sigue igual. Te mantiene en la posici\u00f3n de no cambiar nada en ti y querer que el de fuera cambie. No deja de ser una especie de manipulaci\u00f3n o intento.<\/p>\n<p style=\"text-align: justify;\">La conciencia unidad, a trav\u00e9s de la proyecci\u00f3n nos muestra nuestra informaci\u00f3n, quienes somos en realidad. Vivimos desde la mente y el ego, y esto nos genera desordenes porque no vibramos con nuestro ser verdadero. El que nos da paz y tranquilidad. Si est\u00e1s continuamente enfadado e irascible, si est\u00e1s disgustado y no entiendes los comportamientos de los que te rodean, no son ellos la causa. Ellos te manifiestan tu informaci\u00f3n, pero el problema es que no le haces caso a esa informaci\u00f3n. Es como ponerse delante del espejo. \u00bfQue ves ante tus ojos? \u00bfTe gusta? \u00bfNo? Pues no intentes cambiar la imagen que ves en el espejo. Es imposible. Cuando los cambios los realices en ti, la imagen del espejo cambiar\u00e1.<\/p>\n<p style=\"text-align: justify;\">Cuando el concepto de conciencia unidad se integra, no necesitas criticar ni blasfemar a nadie. Es mas, hasta puedes entender la posibilidad de dar las gracias. Porque en nuestros enemigos mas sentidos tenemos la oportunidad de encontrar y analizar esa informaci\u00f3n que a nosotros nos vendr\u00eda bien en nuestras vidas. Aquellos de los comportamientos que mas odiamos en los dem\u00e1s son los que m\u00e1s necesitamos incorporar o rechazar de nuestras vidas.<\/p>\n<p style=\"text-align: justify;\">Me gustar\u00eda aclarar tambi\u00e9n que con esto no intento eludir las responsabilidades de cada persona ante lo que hace. Si hacemos algo a una persona faltando el respeto, no podemos pensar que es su informaci\u00f3n el recibir esa falta de respeto. No podemos eludir nuestras responsabilidades y no asumir los hechos. No digo tampoco que cada uno se merece todo lo malo que le pasa en la vida. Lo \u00fanico que estoy tratando de decir es que toda la informaci\u00f3n que asoma en nuestras vidas, tiene que ver con la nuestra. Y lo complicado es que no somos conscientes de esa informaci\u00f3n. Todos somos merecedores del mayor respeto y de la dicha en la vida. Y si nos damos cuenta de cual es nuestra informaci\u00f3n, tenemos m\u00e1s recursos de afrontar las vicisitudes de la vida.<\/p>\n<p style=\"text-align: justify;\">Todo esto es muy te\u00f3rico y conceptual. No llegamos a concretar nada hasta que bajamos a nuestras vivencias y los analizamos de forma descriptiva. Una vez hacemos este trabajo es cuando encontramos nuestra informaci\u00f3n y hacemos la toma de conciencia, recuperando informaci\u00f3n de nuestro inconsciente a la consciencia. Este es el trabajo que hacemos en la Bioneuroemoci\u00f3n\u00ae. Analizamos detalladamente la informaci\u00f3n de cada persona, escuchando sus respuestas verbales y corporales. Os invito a conocerlo y de paso a conoceros. M\u00e1s que un m\u00e9todo es un habito. Si lo incorporamos en nuestro d\u00eda a d\u00eda, nos permite conocernos y avanzar en nuestro proceso de individuaci\u00f3n consciente.<\/p>\n","protected":false},"excerpt":{"rendered":"<p>Concepto La conciencia unidad es un concepto que lo hemos escuchado muchas veces, pero que, aunque sepamos lo que es, no llegamos a integrarlo del todo. Nos identificamos mucho con nuestro ego, como si fu\u00e9semos \u00fanicamente ese ego. Generalmente lo delimitamos a lo que nosotros percibimos que es nuestro cuerpo f\u00edsico. Tambi\u00e9n podemos pensar que [&hellip;]<\/p>\n","protected":false},"author":1,"featured_media":23081,"comment_status":"closed","ping_status":"closed","sticky":false,"template":"","format":"standard","meta":{"footnotes":""},"categories":[121],"tags":[],"class_list":["post-23072","post","type-post","status-publish","format-standard","has-post-thumbnail","hentry","category-bloga-es"],"yoast_head":"<!-- This site is optimized with the Yoast SEO plugin v26.9 - https:\/\/yoast.com\/product\/yoast-seo-wordpress\/ -->\n<title>Conciencia Unidad - Bione<\/title>\n<meta name=\"description\" content=\"La conciencia unidad, es una conciencia unificada que compartimos todos los seres vivientes de este planeta, en la cual todos somos uno.\" \/>\n<meta name=\"robots\" content=\"index, follow, max-snippet:-1, max-image-preview:large, max-video-preview:-1\" \/>\n<link rel=\"canonical\" href=\"https:\/\/www.bione.eus\/es\/conciencia-unidad\/\" \/>\n<meta property=\"og:locale\" content=\"es_ES\" \/>\n<meta property=\"og:type\" content=\"article\" \/>\n<meta property=\"og:title\" content=\"Conciencia Unidad - Bione\" \/>\n<meta property=\"og:description\" content=\"La conciencia unidad, es una conciencia unificada que compartimos todos los seres vivientes de este planeta, en la cual todos somos uno.\" \/>\n<meta property=\"og:url\" content=\"https:\/\/www.bione.eus\/es\/conciencia-unidad\/\" \/>\n<meta property=\"og:site_name\" content=\"Bione\" \/>\n<meta property=\"article:published_time\" content=\"2023-11-24T11:30:32+00:00\" \/>\n<meta property=\"article:modified_time\" content=\"2024-01-26T19:39:41+00:00\" \/>\n<meta property=\"og:image\" content=\"https:\/\/www.bione.eus\/wp-content\/uploads\/2023\/11\/unidad.jpg\" \/>\n\t<meta property=\"og:image:width\" content=\"800\" \/>\n\t<meta property=\"og:image:height\" content=\"1067\" \/>\n\t<meta property=\"og:image:type\" content=\"image\/jpeg\" \/>\n<meta name=\"author\" content=\"doble-clic\" \/>\n<meta name=\"twitter:card\" content=\"summary_large_image\" \/>\n<meta name=\"twitter:label1\" content=\"Escrito por\" \/>\n\t<meta name=\"twitter:data1\" content=\"doble-clic\" \/>\n\t<meta name=\"twitter:label2\" content=\"Tiempo de lectura\" \/>\n\t<meta name=\"twitter:data2\" content=\"7 minutos\" \/>\n<script type=\"application\/ld+json\" class=\"yoast-schema-graph\">{\"@context\":\"https:\/\/schema.org\",\"@graph\":[{\"@type\":\"Article\",\"@id\":\"https:\/\/www.bione.eus\/es\/conciencia-unidad\/#article\",\"isPartOf\":{\"@id\":\"https:\/\/www.bione.eus\/es\/conciencia-unidad\/\"},\"author\":{\"name\":\"doble-clic\",\"@id\":\"https:\/\/www.bione.eus\/es\/#\/schema\/person\/f94a5d39d4ecba137098ee277481aa65\"},\"headline\":\"Conciencia Unidad\",\"datePublished\":\"2023-11-24T11:30:32+00:00\",\"dateModified\":\"2024-01-26T19:39:41+00:00\",\"mainEntityOfPage\":{\"@id\":\"https:\/\/www.bione.eus\/es\/conciencia-unidad\/\"},\"wordCount\":1203,\"publisher\":{\"@id\":\"https:\/\/www.bione.eus\/es\/#\/schema\/person\/58df12fd1f8018a9d75f5cd5581458c4\"},\"image\":{\"@id\":\"https:\/\/www.bione.eus\/es\/conciencia-unidad\/#primaryimage\"},\"thumbnailUrl\":\"https:\/\/www.bione.eus\/wp-content\/uploads\/2023\/11\/unidad.jpg\",\"articleSection\":[\"Bloga\"],\"inLanguage\":\"es\"},{\"@type\":\"WebPage\",\"@id\":\"https:\/\/www.bione.eus\/es\/conciencia-unidad\/\",\"url\":\"https:\/\/www.bione.eus\/es\/conciencia-unidad\/\",\"name\":\"Conciencia Unidad - Bione\",\"isPartOf\":{\"@id\":\"https:\/\/www.bione.eus\/es\/#website\"},\"primaryImageOfPage\":{\"@id\":\"https:\/\/www.bione.eus\/es\/conciencia-unidad\/#primaryimage\"},\"image\":{\"@id\":\"https:\/\/www.bione.eus\/es\/conciencia-unidad\/#primaryimage\"},\"thumbnailUrl\":\"https:\/\/www.bione.eus\/wp-content\/uploads\/2023\/11\/unidad.jpg\",\"datePublished\":\"2023-11-24T11:30:32+00:00\",\"dateModified\":\"2024-01-26T19:39:41+00:00\",\"description\":\"La conciencia unidad, es una conciencia unificada que compartimos todos los seres vivientes de este planeta, en la cual todos somos uno.\",\"breadcrumb\":{\"@id\":\"https:\/\/www.bione.eus\/es\/conciencia-unidad\/#breadcrumb\"},\"inLanguage\":\"es\",\"potentialAction\":[{\"@type\":\"ReadAction\",\"target\":[\"https:\/\/www.bione.eus\/es\/conciencia-unidad\/\"]}]},{\"@type\":\"ImageObject\",\"inLanguage\":\"es\",\"@id\":\"https:\/\/www.bione.eus\/es\/conciencia-unidad\/#primaryimage\",\"url\":\"https:\/\/www.bione.eus\/wp-content\/uploads\/2023\/11\/unidad.jpg\",\"contentUrl\":\"https:\/\/www.bione.eus\/wp-content\/uploads\/2023\/11\/unidad.jpg\",\"width\":800,\"height\":1067},{\"@type\":\"BreadcrumbList\",\"@id\":\"https:\/\/www.bione.eus\/es\/conciencia-unidad\/#breadcrumb\",\"itemListElement\":[{\"@type\":\"ListItem\",\"position\":1,\"name\":\"Home\",\"item\":\"https:\/\/www.bione.eus\/es\/\"},{\"@type\":\"ListItem\",\"position\":2,\"name\":\"Conciencia Unidad\"}]},{\"@type\":\"WebSite\",\"@id\":\"https:\/\/www.bione.eus\/es\/#website\",\"url\":\"https:\/\/www.bione.eus\/es\/\",\"name\":\"Bione\",\"description\":\"Bione\",\"publisher\":{\"@id\":\"https:\/\/www.bione.eus\/es\/#\/schema\/person\/58df12fd1f8018a9d75f5cd5581458c4\"},\"potentialAction\":[{\"@type\":\"SearchAction\",\"target\":{\"@type\":\"EntryPoint\",\"urlTemplate\":\"https:\/\/www.bione.eus\/es\/?s={search_term_string}\"},\"query-input\":{\"@type\":\"PropertyValueSpecification\",\"valueRequired\":true,\"valueName\":\"search_term_string\"}}],\"inLanguage\":\"es\"},{\"@type\":[\"Person\",\"Organization\"],\"@id\":\"https:\/\/www.bione.eus\/es\/#\/schema\/person\/58df12fd1f8018a9d75f5cd5581458c4\",\"name\":\"Azibar Zarate\",\"image\":{\"@type\":\"ImageObject\",\"inLanguage\":\"es\",\"@id\":\"https:\/\/www.bione.eus\/es\/#\/schema\/person\/image\/\",\"url\":\"https:\/\/www.bione.eus\/wp-content\/uploads\/2023\/11\/logo_bione_transparente-1024x812.png\",\"contentUrl\":\"https:\/\/www.bione.eus\/wp-content\/uploads\/2023\/11\/logo_bione_transparente-1024x812.png\",\"width\":1024,\"height\":812,\"caption\":\"Azibar Zarate\"},\"logo\":{\"@id\":\"https:\/\/www.bione.eus\/es\/#\/schema\/person\/image\/\"},\"sameAs\":[\"http:\/\/www.bione.eus\"]},{\"@type\":\"Person\",\"@id\":\"https:\/\/www.bione.eus\/es\/#\/schema\/person\/f94a5d39d4ecba137098ee277481aa65\",\"name\":\"doble-clic\",\"image\":{\"@type\":\"ImageObject\",\"inLanguage\":\"es\",\"@id\":\"https:\/\/www.bione.eus\/es\/#\/schema\/person\/image\/\",\"url\":\"https:\/\/secure.gravatar.com\/avatar\/79d6a9033646129c73dfcadd09309d81b48f901a6525622685ee13d6a5259026?s=96&d=mm&r=g\",\"contentUrl\":\"https:\/\/secure.gravatar.com\/avatar\/79d6a9033646129c73dfcadd09309d81b48f901a6525622685ee13d6a5259026?s=96&d=mm&r=g\",\"caption\":\"doble-clic\"},\"sameAs\":[\"https:\/\/www.bione.eus\"],\"url\":\"https:\/\/www.bione.eus\/es\/author\/doble-clic\/\"}]}<\/script>\n<!-- \/ Yoast SEO plugin. -->","yoast_head_json":{"title":"Conciencia Unidad - Bione","description":"La conciencia unidad, es una conciencia unificada que compartimos todos los seres vivientes de este planeta, en la cual todos somos uno.","robots":{"index":"index","follow":"follow","max-snippet":"max-snippet:-1","max-image-preview":"max-image-preview:large","max-video-preview":"max-video-preview:-1"},"canonical":"https:\/\/www.bione.eus\/es\/conciencia-unidad\/","og_locale":"es_ES","og_type":"article","og_title":"Conciencia Unidad - Bione","og_description":"La conciencia unidad, es una conciencia unificada que compartimos todos los seres vivientes de este planeta, en la cual todos somos uno.","og_url":"https:\/\/www.bione.eus\/es\/conciencia-unidad\/","og_site_name":"Bione","article_published_time":"2023-11-24T11:30:32+00:00","article_modified_time":"2024-01-26T19:39:41+00:00","og_image":[{"width":800,"height":1067,"url":"https:\/\/www.bione.eus\/wp-content\/uploads\/2023\/11\/unidad.jpg","type":"image\/jpeg"}],"author":"doble-clic","twitter_card":"summary_large_image","twitter_misc":{"Escrito por":"doble-clic","Tiempo de lectura":"7 minutos"},"schema":{"@context":"https:\/\/schema.org","@graph":[{"@type":"Article","@id":"https:\/\/www.bione.eus\/es\/conciencia-unidad\/#article","isPartOf":{"@id":"https:\/\/www.bione.eus\/es\/conciencia-unidad\/"},"author":{"name":"doble-clic","@id":"https:\/\/www.bione.eus\/es\/#\/schema\/person\/f94a5d39d4ecba137098ee277481aa65"},"headline":"Conciencia Unidad","datePublished":"2023-11-24T11:30:32+00:00","dateModified":"2024-01-26T19:39:41+00:00","mainEntityOfPage":{"@id":"https:\/\/www.bione.eus\/es\/conciencia-unidad\/"},"wordCount":1203,"publisher":{"@id":"https:\/\/www.bione.eus\/es\/#\/schema\/person\/58df12fd1f8018a9d75f5cd5581458c4"},"image":{"@id":"https:\/\/www.bione.eus\/es\/conciencia-unidad\/#primaryimage"},"thumbnailUrl":"https:\/\/www.bione.eus\/wp-content\/uploads\/2023\/11\/unidad.jpg","articleSection":["Bloga"],"inLanguage":"es"},{"@type":"WebPage","@id":"https:\/\/www.bione.eus\/es\/conciencia-unidad\/","url":"https:\/\/www.bione.eus\/es\/conciencia-unidad\/","name":"Conciencia Unidad - Bione","isPartOf":{"@id":"https:\/\/www.bione.eus\/es\/#website"},"primaryImageOfPage":{"@id":"https:\/\/www.bione.eus\/es\/conciencia-unidad\/#primaryimage"},"image":{"@id":"https:\/\/www.bione.eus\/es\/conciencia-unidad\/#primaryimage"},"thumbnailUrl":"https:\/\/www.bione.eus\/wp-content\/uploads\/2023\/11\/unidad.jpg","datePublished":"2023-11-24T11:30:32+00:00","dateModified":"2024-01-26T19:39:41+00:00","description":"La conciencia unidad, es una conciencia unificada que compartimos todos los seres vivientes de este planeta, en la cual todos somos uno.","breadcrumb":{"@id":"https:\/\/www.bione.eus\/es\/conciencia-unidad\/#breadcrumb"},"inLanguage":"es","potentialAction":[{"@type":"ReadAction","target":["https:\/\/www.bione.eus\/es\/conciencia-unidad\/"]}]},{"@type":"ImageObject","inLanguage":"es","@id":"https:\/\/www.bione.eus\/es\/conciencia-unidad\/#primaryimage","url":"https:\/\/www.bione.eus\/wp-content\/uploads\/2023\/11\/unidad.jpg","contentUrl":"https:\/\/www.bione.eus\/wp-content\/uploads\/2023\/11\/unidad.jpg","width":800,"height":1067},{"@type":"BreadcrumbList","@id":"https:\/\/www.bione.eus\/es\/conciencia-unidad\/#breadcrumb","itemListElement":[{"@type":"ListItem","position":1,"name":"Home","item":"https:\/\/www.bione.eus\/es\/"},{"@type":"ListItem","position":2,"name":"Conciencia Unidad"}]},{"@type":"WebSite","@id":"https:\/\/www.bione.eus\/es\/#website","url":"https:\/\/www.bione.eus\/es\/","name":"Bione","description":"Bione","publisher":{"@id":"https:\/\/www.bione.eus\/es\/#\/schema\/person\/58df12fd1f8018a9d75f5cd5581458c4"},"potentialAction":[{"@type":"SearchAction","target":{"@type":"EntryPoint","urlTemplate":"https:\/\/www.bione.eus\/es\/?s={search_term_string}"},"query-input":{"@type":"PropertyValueSpecification","valueRequired":true,"valueName":"search_term_string"}}],"inLanguage":"es"},{"@type":["Person","Organization"],"@id":"https:\/\/www.bione.eus\/es\/#\/schema\/person\/58df12fd1f8018a9d75f5cd5581458c4","name":"Azibar Zarate","image":{"@type":"ImageObject","inLanguage":"es","@id":"https:\/\/www.bione.eus\/es\/#\/schema\/person\/image\/","url":"https:\/\/www.bione.eus\/wp-content\/uploads\/2023\/11\/logo_bione_transparente-1024x812.png","contentUrl":"https:\/\/www.bione.eus\/wp-content\/uploads\/2023\/11\/logo_bione_transparente-1024x812.png","width":1024,"height":812,"caption":"Azibar Zarate"},"logo":{"@id":"https:\/\/www.bione.eus\/es\/#\/schema\/person\/image\/"},"sameAs":["http:\/\/www.bione.eus"]},{"@type":"Person","@id":"https:\/\/www.bione.eus\/es\/#\/schema\/person\/f94a5d39d4ecba137098ee277481aa65","name":"doble-clic","image":{"@type":"ImageObject","inLanguage":"es","@id":"https:\/\/www.bione.eus\/es\/#\/schema\/person\/image\/","url":"https:\/\/secure.gravatar.com\/avatar\/79d6a9033646129c73dfcadd09309d81b48f901a6525622685ee13d6a5259026?s=96&d=mm&r=g","contentUrl":"https:\/\/secure.gravatar.com\/avatar\/79d6a9033646129c73dfcadd09309d81b48f901a6525622685ee13d6a5259026?s=96&d=mm&r=g","caption":"doble-clic"},"sameAs":["https:\/\/www.bione.eus"],"url":"https:\/\/www.bione.eus\/es\/author\/doble-clic\/"}]}},"_links":{"self":[{"href":"https:\/\/www.bione.eus\/es\/wp-json\/wp\/v2\/posts\/23072","targetHints":{"allow":["GET"]}}],"collection":[{"href":"https:\/\/www.bione.eus\/es\/wp-json\/wp\/v2\/posts"}],"about":[{"href":"https:\/\/www.bione.eus\/es\/wp-json\/wp\/v2\/types\/post"}],"author":[{"embeddable":true,"href":"https:\/\/www.bione.eus\/es\/wp-json\/wp\/v2\/users\/1"}],"replies":[{"embeddable":true,"href":"https:\/\/www.bione.eus\/es\/wp-json\/wp\/v2\/comments?post=23072"}],"version-history":[{"count":5,"href":"https:\/\/www.bione.eus\/es\/wp-json\/wp\/v2\/posts\/23072\/revisions"}],"predecessor-version":[{"id":23372,"href":"https:\/\/www.bione.eus\/es\/wp-json\/wp\/v2\/posts\/23072\/revisions\/23372"}],"wp:featuredmedia":[{"embeddable":true,"href":"https:\/\/www.bione.eus\/es\/wp-json\/wp\/v2\/media\/23081"}],"wp:attachment":[{"href":"https:\/\/www.bione.eus\/es\/wp-json\/wp\/v2\/media?parent=23072"}],"wp:term":[{"taxonomy":"category","embeddable":true,"href":"https:\/\/www.bione.eus\/es\/wp-json\/wp\/v2\/categories?post=23072"},{"taxonomy":"post_tag","embeddable":true,"href":"https:\/\/www.bione.eus\/es\/wp-json\/wp\/v2\/tags?post=23072"}],"curies":[{"name":"wp","href":"https:\/\/api.w.org\/{rel}","templated":true}]}}